{"id":2683,"date":"2025-12-02T18:32:51","date_gmt":"2025-12-02T17:32:51","guid":{"rendered":"https:\/\/www.dietrichconsulting.ch\/?p=2683"},"modified":"2026-02-27T01:22:24","modified_gmt":"2026-02-27T00:22:24","slug":"head-of-advisory-governance","status":"publish","type":"post","link":"https:\/\/www.dietrichconsulting.ch\/fr\/head-of-advisory-governance\/","title":{"rendered":"Head of Advisory &#038; Governance"},"content":{"rendered":"<style type=\"text\/css\" data-created_by=\"avia_inline_auto\" id=\"style-css-av-86h115-910e03aede1f368e9f0255f2fefc5816\">\n.avia-section.av-86h115-910e03aede1f368e9f0255f2fefc5816{\nbackground-color:#ffffff;\nbackground-image:unset;\n}\n<\/style>\n<div id='av_section_1'  class='avia-section av-86h115-910e03aede1f368e9f0255f2fefc5816 main_color avia-section-default avia-no-border-styling  avia-builder-el-0  avia-builder-el-no-sibling  avia-bg-style-scroll container_wrap fullsize'  ><div class='container av-section-cont-open' ><main  role=\"main\" itemprop=\"mainContentOfPage\"  class='template-page content  av-content-full alpha units'><div class='post-entry post-entry-type-page post-entry-2683'><div class='entry-content-wrapper clearfix'>\n<div  class='avia-button-wrap av-lzwgenmr-bc6429bfe777e739389e16bf80dab5f1-wrap avia-button-right  avia-builder-el-1  el_before_av_heading  avia-builder-el-first'><a href='https:\/\/www.dietrichconsulting.ch\/fr\/c5i-campus\/'  class='avia-button av-lzwgenmr-bc6429bfe777e739389e16bf80dab5f1 av-link-btn avia-icon_select-no avia-size-small avia-position-right avia-color-theme-color'   aria-label=\"zur\u00fcck zur \u00dcbersicht\"><span class='avia_iconbox_title' >zur\u00fcck zur \u00dcbersicht<\/span><\/a><\/div>\n\n<style type=\"text\/css\" data-created_by=\"avia_inline_auto\" id=\"style-css-av-lzwg96q8-7ed3d1455121a76e24486b1e865e27d2\">\n#top .av-special-heading.av-lzwg96q8-7ed3d1455121a76e24486b1e865e27d2{\npadding-bottom:10px;\n}\nbody .av-special-heading.av-lzwg96q8-7ed3d1455121a76e24486b1e865e27d2 .av-special-heading-tag .heading-char{\nfont-size:25px;\n}\n.av-special-heading.av-lzwg96q8-7ed3d1455121a76e24486b1e865e27d2 .av-subheading{\nfont-size:15px;\n}\n<\/style>\n<div  class='av-special-heading av-lzwg96q8-7ed3d1455121a76e24486b1e865e27d2 av-special-heading-h1 blockquote modern-quote  avia-builder-el-2  el_after_av_button  el_before_av_hr'><h1 class='av-special-heading-tag'  itemprop=\"headline\"  >Head of Advisory + Governance (m\/w\/d), 100%<\/h1><div class=\"special-heading-border\"><div class=\"special-heading-inner-border\"><\/div><\/div><\/div>\n\n<style type=\"text\/css\" data-created_by=\"avia_inline_auto\" id=\"style-css-av-lzwga6z4-ec05cf583087cd29c643ceda92c73abe\">\n#top .hr.hr-invisible.av-lzwga6z4-ec05cf583087cd29c643ceda92c73abe{\nheight:50px;\n}\n<\/style>\n<div  class='hr av-lzwga6z4-ec05cf583087cd29c643ceda92c73abe hr-invisible  avia-builder-el-3  el_after_av_heading  el_before_av_one_half'><span class='hr-inner'><span class=\"hr-inner-style\"><\/span><\/span><\/div>\n<div  class='flex_column av-6bkri1-21d971b095f5510a0520a2cfd1a255cb av_one_half  avia-builder-el-4  el_after_av_hr  el_before_av_one_half  first flex_column_div'     ><p>\n<style type=\"text\/css\" data-created_by=\"avia_inline_auto\" id=\"style-css-av-3rt815-17b938c13ff5154370edf2d466d93e64\">\n#top .av-special-heading.av-3rt815-17b938c13ff5154370edf2d466d93e64{\npadding-bottom:20px;\nfont-size:20px;\n}\nbody .av-special-heading.av-3rt815-17b938c13ff5154370edf2d466d93e64 .av-special-heading-tag .heading-char{\nfont-size:25px;\n}\n#top #wrap_all .av-special-heading.av-3rt815-17b938c13ff5154370edf2d466d93e64 .av-special-heading-tag{\nfont-size:20px;\n}\n.av-special-heading.av-3rt815-17b938c13ff5154370edf2d466d93e64 .av-subheading{\nfont-size:15px;\n}\n\n@media only screen and (min-width: 990px){ \n#top #wrap_all .av-special-heading.av-3rt815-17b938c13ff5154370edf2d466d93e64 .av-special-heading-tag{\nfont-size:20px;\n}\n}\n\n@media only screen and (min-width: 768px) and (max-width: 989px){ \n#top #wrap_all .av-special-heading.av-3rt815-17b938c13ff5154370edf2d466d93e64 .av-special-heading-tag{\nfont-size:20px;\n}\n}\n\n@media only screen and (min-width: 480px) and (max-width: 767px){ \n#top #wrap_all .av-special-heading.av-3rt815-17b938c13ff5154370edf2d466d93e64 .av-special-heading-tag{\nfont-size:20px;\n}\n}\n\n@media only screen and (max-width: 479px){ \n#top #wrap_all .av-special-heading.av-3rt815-17b938c13ff5154370edf2d466d93e64 .av-special-heading-tag{\nfont-size:20px;\n}\n}\n<\/style>\n<div  class='av-special-heading av-3rt815-17b938c13ff5154370edf2d466d93e64 av-special-heading-h3 blockquote modern-quote  avia-builder-el-5  el_before_av_textblock  avia-builder-el-first  av-inherit-size'><h3 class='av-special-heading-tag'  itemprop=\"headline\"  >DAS KANNST DU BEWEGEN<\/h3><div class=\"special-heading-border\"><div class=\"special-heading-inner-border\"><\/div><\/div><\/div><br \/>\n\n<style type=\"text\/css\" data-created_by=\"avia_inline_auto\" id=\"style-css-av-lzwg5bx5-075fdfd9d8b897e3a87305436d2bf2b2\">\n#top .av_textblock_section.av-lzwg5bx5-075fdfd9d8b897e3a87305436d2bf2b2 .avia_textblock{\nfont-size:20px;\ncolor:#000000;\n}\n<\/style>\n<section  class='av_textblock_section av-lzwg5bx5-075fdfd9d8b897e3a87305436d2bf2b2'   itemscope=\"itemscope\" itemtype=\"https:\/\/schema.org\/BlogPosting\" itemprop=\"blogPost\" ><div class='avia_textblock av_inherit_color'  itemprop=\"text\" ><ul>\n<li>F\u00fchren des Executive Office Teams und Koordination zentraler Projekte, strategischer Aufgaben, Gremienl\u00e4ufe und politischer Dokumente f\u00fcr den Senior Vice President C5I<\/li>\n<li>F\u00fchren des ICT Controlling &amp; Reporting Teams zur Sicherstellung des ICT Controllings und des umfassenden Executive Reportings<\/li>\n<li>F\u00fchren der Schl\u00fcsselpersonen in GRC &amp; Auditing, Quality &amp; Process, Security und MarCom sowie Verantworten der strategischen Entwicklung dieser Bereiche<\/li>\n<li>Koordination von Rechtsfragen mit dem General Counsel<\/li>\n<li>Verantworten der Informationssicherheit mit direkter Berichterstattung an die Holding und Umsetzen physischer sowie digitaler Sicherheitsanforderungen<\/li>\n<li>Entwickeln der Organisationsstruktur, Talentmanagement und Skalierung der Organisation mit Hands-on Ansatz f\u00fcr flexibles Wachstum<\/li>\n<li>Optimieren der Bereichsprozesse zur Qualit\u00e4ts- und Effizienzsteigerung<\/li>\n<li>Koordinieren mit anderen Konzernbereichen zur effizienten Umsetzung von Initiativen und Projekten<\/li>\n<\/ul>\n<\/div><\/section><\/p><\/div><div  class='flex_column av-1ujnih-eaab3d988c55204a81290b5290ccbb43 av_one_half  avia-builder-el-7  el_after_av_one_half  el_before_av_hr  flex_column_div'     ><p>\n<style type=\"text\/css\" data-created_by=\"avia_inline_auto\" id=\"style-css-av-lzwg4p2t-209da98890d77f20fd765b2a48d1344a\">\n#top .av-special-heading.av-lzwg4p2t-209da98890d77f20fd765b2a48d1344a{\npadding-bottom:20px;\nfont-size:20px;\n}\nbody .av-special-heading.av-lzwg4p2t-209da98890d77f20fd765b2a48d1344a .av-special-heading-tag .heading-char{\nfont-size:25px;\n}\n#top #wrap_all .av-special-heading.av-lzwg4p2t-209da98890d77f20fd765b2a48d1344a .av-special-heading-tag{\nfont-size:20px;\n}\n.av-special-heading.av-lzwg4p2t-209da98890d77f20fd765b2a48d1344a .av-subheading{\nfont-size:15px;\n}\n\n@media only screen and (min-width: 990px){ \n#top #wrap_all .av-special-heading.av-lzwg4p2t-209da98890d77f20fd765b2a48d1344a .av-special-heading-tag{\nfont-size:20px;\n}\n}\n\n@media only screen and (min-width: 768px) and (max-width: 989px){ \n#top #wrap_all .av-special-heading.av-lzwg4p2t-209da98890d77f20fd765b2a48d1344a .av-special-heading-tag{\nfont-size:20px;\n}\n}\n\n@media only screen and (min-width: 480px) and (max-width: 767px){ \n#top #wrap_all .av-special-heading.av-lzwg4p2t-209da98890d77f20fd765b2a48d1344a .av-special-heading-tag{\nfont-size:20px;\n}\n}\n\n@media only screen and (max-width: 479px){ \n#top #wrap_all .av-special-heading.av-lzwg4p2t-209da98890d77f20fd765b2a48d1344a .av-special-heading-tag{\nfont-size:20px;\n}\n}\n<\/style>\n<div  class='av-special-heading av-lzwg4p2t-209da98890d77f20fd765b2a48d1344a av-special-heading-h3 blockquote modern-quote  avia-builder-el-8  el_before_av_textblock  avia-builder-el-first  av-inherit-size'><h3 class='av-special-heading-tag'  itemprop=\"headline\"  >DAS BRINGST DU MIT<\/h3><div class=\"special-heading-border\"><div class=\"special-heading-inner-border\"><\/div><\/div><\/div><br \/>\n\n<style type=\"text\/css\" data-created_by=\"avia_inline_auto\" id=\"style-css-av-lzwg5hn7-53f5dc207be74c7ef712e8d5821b9275\">\n#top .av_textblock_section.av-lzwg5hn7-53f5dc207be74c7ef712e8d5821b9275 .avia_textblock{\nfont-size:20px;\ncolor:#000000;\n}\n<\/style>\n<section  class='av_textblock_section av-lzwg5hn7-53f5dc207be74c7ef712e8d5821b9275'   itemscope=\"itemscope\" itemtype=\"https:\/\/schema.org\/BlogPosting\" itemprop=\"blogPost\" ><div class='avia_textblock av_inherit_color'  itemprop=\"text\" ><ul>\n<li>Abgeschlossenes Studium der Rechtswissenschaften, Weiterbildung in Wirtschaftsinformatik oder Betriebswirtschaft von Vorteil<\/li>\n<li>Mehrj\u00e4hrige Erfahrung in einer Stabsstelle in leitender Funktion sowie in der F\u00fchrung von Spezialisten<\/li>\n<li>Sicheres Auftreten auf Executive-Level<\/li>\n<li>F\u00e4higkeit sich rasch an sich ver\u00e4ndernde Bed\u00fcrfnisse anzupassen und unterschiedliche Spezialisten (Teams) zu fordern und f\u00f6rdern<\/li>\n<li>Proaktive und l\u00f6sungsorientierte (Hands-on) Arbeitsweise<\/li>\n<li>Verhandlungssicheres Deutsch und Englisch (C2), Franz\u00f6sischkenntnisse von Vorteil<\/li>\n<li>Milit\u00e4rische Karriere als h\u00f6herer Unteroffizier oder Offizier von Vorteil<\/li>\n<\/ul>\n<\/div><\/section><\/p><\/div>\n<style type=\"text\/css\" data-created_by=\"avia_inline_auto\" id=\"style-css-av-3s5fuh-aca35fff44e8b6e26fdc36a238a0fe0e\">\n#top .hr.hr-invisible.av-3s5fuh-aca35fff44e8b6e26fdc36a238a0fe0e{\nheight:30px;\n}\n<\/style>\n<div  class='hr av-3s5fuh-aca35fff44e8b6e26fdc36a238a0fe0e hr-invisible  avia-builder-el-10  el_after_av_one_half  el_before_av_textblock'><span class='hr-inner'><span class=\"hr-inner-style\"><\/span><\/span><\/div>\n\n<style type=\"text\/css\" data-created_by=\"avia_inline_auto\" id=\"style-css-av-lzwg5qo5-a754767b30f39a2ca47aca0bfbeaf2b8\">\n#top .av_textblock_section.av-lzwg5qo5-a754767b30f39a2ca47aca0bfbeaf2b8 .avia_textblock{\nfont-size:20px;\ncolor:#000000;\n}\n<\/style>\n<section  class='av_textblock_section av-lzwg5qo5-a754767b30f39a2ca47aca0bfbeaf2b8'   itemscope=\"itemscope\" itemtype=\"https:\/\/schema.org\/BlogPosting\" itemprop=\"blogPost\" ><div class='avia_textblock av_inherit_color'  itemprop=\"text\" ><p>C5I unterst\u00fctzt die Schweizer Armee bei der Realisierung von IKT-Projekten f\u00fcr hochsichere und souver\u00e4ne Systeme. Den Mitarbeitenden bietet sich die einmalige Chance bei der Digitalisierung der Schweizer Armee an vorderster Front mitarbeiten zu k\u00f6nnen. Wer einen wichtigen Beitrag im sicherheitspolitischen Umfeld der Schweiz leisten und in einer dynamischen Arbeitsumgebung mit Startup-Charakter wirken m\u00f6chte, ist hier genau richtig! C5I ist in den letzten acht Jahren von null auf rund 260 Mitarbeitende gewachsen und hat mit dem C5I-Campus in Thun einen Begegnungsort und schweizweit einmaligen Innovationsraum mit hochattraktiven Arbeitspl\u00e4tzen geschaffen. Die Teams arbeiten agil und richten sich konsequent nach dem DevSecOps-Modell aus. Klingt das spannend?<\/p>\n<\/div><\/section>\n\n<style type=\"text\/css\" data-created_by=\"avia_inline_auto\" id=\"style-css-av-30z02x-687dd8bc89a76c7ad5160d3f959562a0\">\n#top .hr.hr-invisible.av-30z02x-687dd8bc89a76c7ad5160d3f959562a0{\nheight:30px;\n}\n<\/style>\n<div  class='hr av-30z02x-687dd8bc89a76c7ad5160d3f959562a0 hr-invisible  avia-builder-el-12  el_after_av_textblock  el_before_av_buttonrow'><span class='hr-inner'><span class=\"hr-inner-style\"><\/span><\/span><\/div>\n\n<style type=\"text\/css\" data-created_by=\"avia_inline_auto\" id=\"style-css-av-lzwg7h3k-5c495cc1ea97083f041ecdb861dc36cc\">\n.avia-buttonrow-wrap.av-lzwg7h3k-5c495cc1ea97083f041ecdb861dc36cc .avia-button{\nfont-size:20px;\n}\n<\/style>\n<div  class='avia-buttonrow-wrap av-lzwg7h3k-5c495cc1ea97083f041ecdb861dc36cc avia-buttonrow-center  avia-builder-el-13  el_after_av_hr  el_before_av_social_share'>\n\n<style type=\"text\/css\" data-created_by=\"avia_inline_auto\" id=\"style-css-av-lzwg76kr-b36ff253ce8d06332bddd1c3253b70d2\">\n#top #wrap_all .avia-button.av-lzwg76kr-b36ff253ce8d06332bddd1c3253b70d2{\nmargin-bottom:5px;\nmargin-right:3px;\nmargin-left:3px;\n}\n<\/style>\n<a href='\/fr\/&\/#109;&#x61;i&#108;&#x74;o&#x3a;&#x72;&#101;&#x63;r&#117;&#x69;t&#105;&#x6e;&#103;&#x40;d&#105;&#x65;t&#114;&#x69;&#99;&#x68;&#x63;&#111;&#x6e;s&#117;&#x6c;t&#x69;&#x6e;&#103;&#x2e;c&#104;'  class='avia-button av-lzwg76kr-b36ff253ce8d06332bddd1c3253b70d2 avia-icon_select-no avia-size-small avia-color-theme-color'   aria-label=\"Hast du Fragen?\"><span class='avia_iconbox_title' >Hast du Fragen?<\/span><\/a>\n\n<style type=\"text\/css\" data-created_by=\"avia_inline_auto\" id=\"style-css-av-lzwg7exy-9fd5af919a668bcefbb4785ec567f71c\">\n#top #wrap_all .avia-button.av-lzwg7exy-9fd5af919a668bcefbb4785ec567f71c{\nmargin-bottom:5px;\nmargin-right:3px;\nmargin-left:3px;\n}\n<\/style>\n<a href='https:\/\/www.dietrichconsulting.ch\/fr\/meine-bewerbung\/'  class='avia-button av-lzwg7exy-9fd5af919a668bcefbb4785ec567f71c avia-icon_select-no avia-size-small avia-color-theme-color'   aria-label=\"Jetzt bewerben!\"><span class='avia_iconbox_title' >Jetzt bewerben!<\/span><\/a>\n<\/div>\n<div  class='av-social-sharing-box av-lzwgbu5q-be19835bde60a80cf0a4ac00977a8839 av-social-sharing-box-default  avia-builder-el-14  el_after_av_buttonrow  avia-builder-el-last  av-social-sharing-box-fullwidth'><div class=\"av-share-box\"><h5 class='av-share-link-description av-no-toc'>Teile diese Jobbeschreibung<\/h5><ul class=\"av-share-box-list noLightbox\"><li class='av-share-link av-social-link-facebook avia_social_iconfont' ><a target=\"_blank\" aria-label=\"Partager sur Facebook\" href='https:\/\/www.facebook.com\/sharer.php?u=https:\/\/www.dietrichconsulting.ch\/fr\/head-of-advisory-governance\/&#038;t=Head%20of%20Advisory%20%26%20Governance' data-av_icon='\ue8f3' data-av_iconfont='entypo-fontello'  title='' data-avia-related-tooltip='Partager sur Facebook'><span class='avia_hidden_link_text'>Partager sur Facebook<\/span><\/a><\/li><li class='av-share-link av-social-link-twitter avia_social_iconfont' ><a target=\"_blank\" aria-label=\"Partager sur X\" href='https:\/\/twitter.com\/share?text=Head%20of%20Advisory%20%26%20Governance&#038;url=https:\/\/www.dietrichconsulting.ch\/fr\/?p=2683' data-av_icon='\ue932' data-av_iconfont='entypo-fontello'  title='' data-avia-related-tooltip='Partager sur X'><span class='avia_hidden_link_text'>Partager sur X<\/span><\/a><\/li><li class='av-share-link av-social-link-whatsapp avia_social_iconfont' ><a target=\"_blank\" aria-label=\"Partager sur WhatsApp\" href='https:\/\/api.whatsapp.com\/send?text=https:\/\/www.dietrichconsulting.ch\/fr\/head-of-advisory-governance\/' data-av_icon='\uf232' data-av_iconfont='entypo-fontello'  title='' data-avia-related-tooltip='Partager sur WhatsApp'><span class='avia_hidden_link_text'>Partager sur WhatsApp<\/span><\/a><\/li><li class='av-share-link av-social-link-pinterest avia_social_iconfont' ><a target=\"_blank\" aria-label=\"Partager sur Pinterest\" href='https:\/\/pinterest.com\/pin\/create\/button\/?url=https%3A%2F%2Fwww.dietrichconsulting.ch%2Ffr%2Fhead-of-advisory-governance%2F&#038;description=Head%20of%20Advisory%20%26%20Governance&#038;media=' data-av_icon='\ue8f8' data-av_iconfont='entypo-fontello'  title='' data-avia-related-tooltip='Partager sur Pinterest'><span class='avia_hidden_link_text'>Partager sur Pinterest<\/span><\/a><\/li><li class='av-share-link av-social-link-linkedin avia_social_iconfont' ><a target=\"_blank\" aria-label=\"Partager sur LinkedIn\" href='https:\/\/linkedin.com\/shareArticle?mini=true&#038;title=Head%20of%20Advisory%20%26%20Governance&#038;url=https:\/\/www.dietrichconsulting.ch\/fr\/head-of-advisory-governance\/' data-av_icon='\ue8fc' data-av_iconfont='entypo-fontello'  title='' data-avia-related-tooltip='Partager sur LinkedIn'><span class='avia_hidden_link_text'>Partager sur LinkedIn<\/span><\/a><\/li><li class='av-share-link av-social-link-tumblr avia_social_iconfont' ><a target=\"_blank\" aria-label=\"Partager sur Tumblr\" href='https:\/\/www.tumblr.com\/share\/link?url=https%3A%2F%2Fwww.dietrichconsulting.ch%2Ffr%2Fhead-of-advisory-governance%2F&#038;name=Head%20of%20Advisory%20%26%20Governance&#038;description=' data-av_icon='\ue8fa' data-av_iconfont='entypo-fontello'  title='' data-avia-related-tooltip='Partager sur Tumblr'><span class='avia_hidden_link_text'>Partager sur Tumblr<\/span><\/a><\/li><li class='av-share-link av-social-link-vk avia_social_iconfont' ><a target=\"_blank\" aria-label=\"Partager sur Vk\" href='https:\/\/vk.com\/share.php?url=https:\/\/www.dietrichconsulting.ch\/fr\/head-of-advisory-governance\/' data-av_icon='\ue926' data-av_iconfont='entypo-fontello'  title='' data-avia-related-tooltip='Partager sur Vk'><span class='avia_hidden_link_text'>Partager sur Vk<\/span><\/a><\/li><li class='av-share-link av-social-link-reddit avia_social_iconfont' ><a target=\"_blank\" aria-label=\"Partager sur Reddit\" href='https:\/\/reddit.com\/submit?url=https:\/\/www.dietrichconsulting.ch\/fr\/head-of-advisory-governance\/&#038;title=Head%20of%20Advisory%20%26%20Governance' data-av_icon='\ue927' data-av_iconfont='entypo-fontello'  title='' data-avia-related-tooltip='Partager sur Reddit'><span class='avia_hidden_link_text'>Partager sur Reddit<\/span><\/a><\/li><li class='av-share-link av-social-link-mail avia_social_iconfont' ><a  aria-label=\"Partager par Mail\" href='mailto:?subject=Head%20of%20Advisory%20%26%20Governance&#038;body=https:\/\/www.dietrichconsulting.ch\/fr\/head-of-advisory-governance\/' data-av_icon='\ue805' data-av_iconfont='entypo-fontello'  title='' data-avia-related-tooltip='Partager par Mail'><span class='avia_hidden_link_text'>Partager par Mail<\/span><\/a><\/li><\/ul><\/div><\/div>","protected":false},"excerpt":{"rendered":"","protected":false},"author":2,"featured_media":0,"comment_status":"closed","ping_status":"closed","sticky":false,"template":"","format":"standard","meta":{"footnotes":""},"categories":[6],"tags":[],"class_list":["post-2683","post","type-post","status-publish","format-standard","hentry","category-c5i"],"yoast_head":"<!-- This site is optimized with the Yoast SEO plugin v27.5 - https:\/\/yoast.com\/product\/yoast-seo-wordpress\/ -->\n<title>Head of Advisory &amp; Governance - Dietrich Consulting<\/title>\n<meta name=\"robots\" content=\"index, follow, max-snippet:-1, max-image-preview:large, max-video-preview:-1\" \/>\n<link rel=\"canonical\" href=\"https:\/\/www.dietrichconsulting.ch\/fr\/head-of-advisory-governance\/\" \/>\n<meta property=\"og:locale\" content=\"fr_FR\" \/>\n<meta property=\"og:type\" content=\"article\" \/>\n<meta property=\"og:title\" content=\"Head of Advisory &amp; Governance - Dietrich Consulting\" \/>\n<meta property=\"og:url\" content=\"https:\/\/www.dietrichconsulting.ch\/fr\/head-of-advisory-governance\/\" \/>\n<meta property=\"og:site_name\" content=\"Dietrich Consulting\" \/>\n<meta property=\"article:published_time\" content=\"2025-12-02T17:32:51+00:00\" \/>\n<meta property=\"article:modified_time\" content=\"2026-02-27T00:22:24+00:00\" \/>\n<meta name=\"author\" content=\"Pascal Dietrich\" \/>\n<meta name=\"twitter:card\" content=\"summary_large_image\" \/>\n<meta name=\"twitter:label1\" content=\"\u00c9crit par\" \/>\n\t<meta name=\"twitter:data1\" content=\"Pascal Dietrich\" \/>\n\t<meta name=\"twitter:label2\" content=\"Dur\u00e9e de lecture estim\u00e9e\" \/>\n\t<meta name=\"twitter:data2\" content=\"2 minutes\" \/>\n<script type=\"application\/ld+json\" class=\"yoast-schema-graph\">{\"@context\":\"https:\\\/\\\/schema.org\",\"@graph\":[{\"@type\":\"Article\",\"@id\":\"https:\\\/\\\/www.dietrichconsulting.ch\\\/head-of-advisory-governance\\\/#article\",\"isPartOf\":{\"@id\":\"https:\\\/\\\/www.dietrichconsulting.ch\\\/head-of-advisory-governance\\\/\"},\"author\":{\"name\":\"Pascal Dietrich\",\"@id\":\"https:\\\/\\\/www.dietrichconsulting.ch\\\/#\\\/schema\\\/person\\\/90d295cf75d132b0599fb80104457872\"},\"headline\":\"Head of Advisory &#038; Governance\",\"datePublished\":\"2025-12-02T17:32:51+00:00\",\"dateModified\":\"2026-02-27T00:22:24+00:00\",\"mainEntityOfPage\":{\"@id\":\"https:\\\/\\\/www.dietrichconsulting.ch\\\/head-of-advisory-governance\\\/\"},\"wordCount\":2734,\"publisher\":{\"@id\":\"https:\\\/\\\/www.dietrichconsulting.ch\\\/#organization\"},\"articleSection\":[\"C5I\"],\"inLanguage\":\"fr-FR\"},{\"@type\":\"WebPage\",\"@id\":\"https:\\\/\\\/www.dietrichconsulting.ch\\\/head-of-advisory-governance\\\/\",\"url\":\"https:\\\/\\\/www.dietrichconsulting.ch\\\/head-of-advisory-governance\\\/\",\"name\":\"Head of Advisory & Governance - Dietrich Consulting\",\"isPartOf\":{\"@id\":\"https:\\\/\\\/www.dietrichconsulting.ch\\\/#website\"},\"datePublished\":\"2025-12-02T17:32:51+00:00\",\"dateModified\":\"2026-02-27T00:22:24+00:00\",\"breadcrumb\":{\"@id\":\"https:\\\/\\\/www.dietrichconsulting.ch\\\/head-of-advisory-governance\\\/#breadcrumb\"},\"inLanguage\":\"fr-FR\",\"potentialAction\":[{\"@type\":\"ReadAction\",\"target\":[\"https:\\\/\\\/www.dietrichconsulting.ch\\\/head-of-advisory-governance\\\/\"]}]},{\"@type\":\"BreadcrumbList\",\"@id\":\"https:\\\/\\\/www.dietrichconsulting.ch\\\/head-of-advisory-governance\\\/#breadcrumb\",\"itemListElement\":[{\"@type\":\"ListItem\",\"position\":1,\"name\":\"Startseite\",\"item\":\"https:\\\/\\\/www.dietrichconsulting.ch\\\/home\\\/\"},{\"@type\":\"ListItem\",\"position\":2,\"name\":\"Head of Advisory &#038; Governance\"}]},{\"@type\":\"WebSite\",\"@id\":\"https:\\\/\\\/www.dietrichconsulting.ch\\\/#website\",\"url\":\"https:\\\/\\\/www.dietrichconsulting.ch\\\/\",\"name\":\"Dietrich Consulting\",\"description\":\"IT\\\/Sales Direct Search AND Business Sparring\",\"publisher\":{\"@id\":\"https:\\\/\\\/www.dietrichconsulting.ch\\\/#organization\"},\"potentialAction\":[{\"@type\":\"SearchAction\",\"target\":{\"@type\":\"EntryPoint\",\"urlTemplate\":\"https:\\\/\\\/www.dietrichconsulting.ch\\\/?s={search_term_string}\"},\"query-input\":{\"@type\":\"PropertyValueSpecification\",\"valueRequired\":true,\"valueName\":\"search_term_string\"}}],\"inLanguage\":\"fr-FR\"},{\"@type\":\"Organization\",\"@id\":\"https:\\\/\\\/www.dietrichconsulting.ch\\\/#organization\",\"name\":\"Dietrich Consulting\",\"url\":\"https:\\\/\\\/www.dietrichconsulting.ch\\\/\",\"logo\":{\"@type\":\"ImageObject\",\"inLanguage\":\"fr-FR\",\"@id\":\"https:\\\/\\\/www.dietrichconsulting.ch\\\/#\\\/schema\\\/logo\\\/image\\\/\",\"url\":\"https:\\\/\\\/dietrichconsulting.ch\\\/webseite\\\/wp-content\\\/uploads\\\/2020\\\/04\\\/dietrich-consulting-farbig-quadratisch-1.jpg\",\"contentUrl\":\"https:\\\/\\\/dietrichconsulting.ch\\\/webseite\\\/wp-content\\\/uploads\\\/2020\\\/04\\\/dietrich-consulting-farbig-quadratisch-1.jpg\",\"width\":1500,\"height\":1500,\"caption\":\"Dietrich Consulting\"},\"image\":{\"@id\":\"https:\\\/\\\/www.dietrichconsulting.ch\\\/#\\\/schema\\\/logo\\\/image\\\/\"}},{\"@type\":\"Person\",\"@id\":\"https:\\\/\\\/www.dietrichconsulting.ch\\\/#\\\/schema\\\/person\\\/90d295cf75d132b0599fb80104457872\",\"name\":\"Pascal Dietrich\",\"image\":{\"@type\":\"ImageObject\",\"inLanguage\":\"fr-FR\",\"@id\":\"https:\\\/\\\/secure.gravatar.com\\\/avatar\\\/8862b7c26a59853f38411f19fb40523ad0502513a994745be5f66cd6287f7ba4?s=96&d=mm&r=g\",\"url\":\"https:\\\/\\\/secure.gravatar.com\\\/avatar\\\/8862b7c26a59853f38411f19fb40523ad0502513a994745be5f66cd6287f7ba4?s=96&d=mm&r=g\",\"contentUrl\":\"https:\\\/\\\/secure.gravatar.com\\\/avatar\\\/8862b7c26a59853f38411f19fb40523ad0502513a994745be5f66cd6287f7ba4?s=96&d=mm&r=g\",\"caption\":\"Pascal Dietrich\"}}]}<\/script>\n<!-- \/ Yoast SEO plugin. -->","yoast_head_json":{"title":"Head of Advisory & Governance - Dietrich Consulting","robots":{"index":"index","follow":"follow","max-snippet":"max-snippet:-1","max-image-preview":"max-image-preview:large","max-video-preview":"max-video-preview:-1"},"canonical":"https:\/\/www.dietrichconsulting.ch\/fr\/head-of-advisory-governance\/","og_locale":"fr_FR","og_type":"article","og_title":"Head of Advisory & Governance - Dietrich Consulting","og_url":"https:\/\/www.dietrichconsulting.ch\/fr\/head-of-advisory-governance\/","og_site_name":"Dietrich Consulting","article_published_time":"2025-12-02T17:32:51+00:00","article_modified_time":"2026-02-27T00:22:24+00:00","author":"Pascal Dietrich","twitter_card":"summary_large_image","twitter_misc":{"\u00c9crit par":"Pascal Dietrich","Dur\u00e9e de lecture estim\u00e9e":"2 minutes"},"schema":{"@context":"https:\/\/schema.org","@graph":[{"@type":"Article","@id":"https:\/\/www.dietrichconsulting.ch\/head-of-advisory-governance\/#article","isPartOf":{"@id":"https:\/\/www.dietrichconsulting.ch\/head-of-advisory-governance\/"},"author":{"name":"Pascal Dietrich","@id":"https:\/\/www.dietrichconsulting.ch\/#\/schema\/person\/90d295cf75d132b0599fb80104457872"},"headline":"Head of Advisory &#038; Governance","datePublished":"2025-12-02T17:32:51+00:00","dateModified":"2026-02-27T00:22:24+00:00","mainEntityOfPage":{"@id":"https:\/\/www.dietrichconsulting.ch\/head-of-advisory-governance\/"},"wordCount":2734,"publisher":{"@id":"https:\/\/www.dietrichconsulting.ch\/#organization"},"articleSection":["C5I"],"inLanguage":"fr-FR"},{"@type":"WebPage","@id":"https:\/\/www.dietrichconsulting.ch\/head-of-advisory-governance\/","url":"https:\/\/www.dietrichconsulting.ch\/head-of-advisory-governance\/","name":"Head of Advisory & Governance - Dietrich Consulting","isPartOf":{"@id":"https:\/\/www.dietrichconsulting.ch\/#website"},"datePublished":"2025-12-02T17:32:51+00:00","dateModified":"2026-02-27T00:22:24+00:00","breadcrumb":{"@id":"https:\/\/www.dietrichconsulting.ch\/head-of-advisory-governance\/#breadcrumb"},"inLanguage":"fr-FR","potentialAction":[{"@type":"ReadAction","target":["https:\/\/www.dietrichconsulting.ch\/head-of-advisory-governance\/"]}]},{"@type":"BreadcrumbList","@id":"https:\/\/www.dietrichconsulting.ch\/head-of-advisory-governance\/#breadcrumb","itemListElement":[{"@type":"ListItem","position":1,"name":"Startseite","item":"https:\/\/www.dietrichconsulting.ch\/home\/"},{"@type":"ListItem","position":2,"name":"Head of Advisory &#038; Governance"}]},{"@type":"WebSite","@id":"https:\/\/www.dietrichconsulting.ch\/#website","url":"https:\/\/www.dietrichconsulting.ch\/","name":"Dietrich Consulting","description":"IT\/Sales Direct Search AND Business Sparring","publisher":{"@id":"https:\/\/www.dietrichconsulting.ch\/#organization"},"potentialAction":[{"@type":"SearchAction","target":{"@type":"EntryPoint","urlTemplate":"https:\/\/www.dietrichconsulting.ch\/?s={search_term_string}"},"query-input":{"@type":"PropertyValueSpecification","valueRequired":true,"valueName":"search_term_string"}}],"inLanguage":"fr-FR"},{"@type":"Organization","@id":"https:\/\/www.dietrichconsulting.ch\/#organization","name":"Dietrich Consulting","url":"https:\/\/www.dietrichconsulting.ch\/","logo":{"@type":"ImageObject","inLanguage":"fr-FR","@id":"https:\/\/www.dietrichconsulting.ch\/#\/schema\/logo\/image\/","url":"https:\/\/dietrichconsulting.ch\/webseite\/wp-content\/uploads\/2020\/04\/dietrich-consulting-farbig-quadratisch-1.jpg","contentUrl":"https:\/\/dietrichconsulting.ch\/webseite\/wp-content\/uploads\/2020\/04\/dietrich-consulting-farbig-quadratisch-1.jpg","width":1500,"height":1500,"caption":"Dietrich Consulting"},"image":{"@id":"https:\/\/www.dietrichconsulting.ch\/#\/schema\/logo\/image\/"}},{"@type":"Person","@id":"https:\/\/www.dietrichconsulting.ch\/#\/schema\/person\/90d295cf75d132b0599fb80104457872","name":"Pascal Dietrich","image":{"@type":"ImageObject","inLanguage":"fr-FR","@id":"https:\/\/secure.gravatar.com\/avatar\/8862b7c26a59853f38411f19fb40523ad0502513a994745be5f66cd6287f7ba4?s=96&d=mm&r=g","url":"https:\/\/secure.gravatar.com\/avatar\/8862b7c26a59853f38411f19fb40523ad0502513a994745be5f66cd6287f7ba4?s=96&d=mm&r=g","contentUrl":"https:\/\/secure.gravatar.com\/avatar\/8862b7c26a59853f38411f19fb40523ad0502513a994745be5f66cd6287f7ba4?s=96&d=mm&r=g","caption":"Pascal Dietrich"}}]}},"_links":{"self":[{"href":"https:\/\/www.dietrichconsulting.ch\/fr\/wp-json\/wp\/v2\/posts\/2683","targetHints":{"allow":["GET"]}}],"collection":[{"href":"https:\/\/www.dietrichconsulting.ch\/fr\/wp-json\/wp\/v2\/posts"}],"about":[{"href":"https:\/\/www.dietrichconsulting.ch\/fr\/wp-json\/wp\/v2\/types\/post"}],"author":[{"embeddable":true,"href":"https:\/\/www.dietrichconsulting.ch\/fr\/wp-json\/wp\/v2\/users\/2"}],"replies":[{"embeddable":true,"href":"https:\/\/www.dietrichconsulting.ch\/fr\/wp-json\/wp\/v2\/comments?post=2683"}],"version-history":[{"count":5,"href":"https:\/\/www.dietrichconsulting.ch\/fr\/wp-json\/wp\/v2\/posts\/2683\/revisions"}],"predecessor-version":[{"id":2685,"href":"https:\/\/www.dietrichconsulting.ch\/fr\/wp-json\/wp\/v2\/posts\/2683\/revisions\/2685"}],"wp:attachment":[{"href":"https:\/\/www.dietrichconsulting.ch\/fr\/wp-json\/wp\/v2\/media?parent=2683"}],"wp:term":[{"taxonomy":"category","embeddable":true,"href":"https:\/\/www.dietrichconsulting.ch\/fr\/wp-json\/wp\/v2\/categories?post=2683"},{"taxonomy":"post_tag","embeddable":true,"href":"https:\/\/www.dietrichconsulting.ch\/fr\/wp-json\/wp\/v2\/tags?post=2683"}],"curies":[{"name":"wp","href":"https:\/\/api.w.org\/{rel}","templated":true}]}}